{"id":3399,"date":"2026-09-01T12:55:44","date_gmt":"2026-09-01T11:55:44","guid":{"rendered":"https:\/\/www.lestitisdelovalie.fr\/?p=3399"},"modified":"2026-09-01T12:56:42","modified_gmt":"2026-09-01T11:56:42","slug":"j3-ubb-stade-francais-places-seches","status":"publish","type":"post","link":"https:\/\/www.lestitisdelovalie.fr\/?p=3399","title":{"rendered":"J3  UBB \u2013 Stade Fran\u00e7ais : Places s\u00e8ches"},"content":{"rendered":"\n<p class=\"wp-block-paragraph\">Pour les personnes int\u00e9ress\u00e9es, nous mettons en vente des places s\u00e8ches uniquement.<\/p>\n\n\n\n<p class=\"has-text-align-center alignwide wp-block-paragraph\">\ud83d\udcc5\u200b \u00a0<strong>Dimanche 20 septembre 2026<\/strong><\/p>\n\n\n\n<p class=\"has-text-align-center wp-block-paragraph\">\ud83c\udfc9 Coup d&rsquo;envoi du match : 21h05<\/p>\n\n\n\n<p class=\"has-text-align-center wp-block-paragraph\">\ud83c\udfdf\ufe0f Stade Chaban Delmas, Bordeaux<\/p>\n\n\n\n<p class=\"wp-block-paragraph\"><em>N<\/em>ous vous proposons la\u00a0<strong><u>cat6 entre 7\u20ac et 10\u20ac<\/u><\/strong>\u00a0ou la <strong><u>cat5 entre 15\u20ac et 20\u20ac<\/u><\/strong>, ces 2 cat\u00e9gories sont situ\u00e9es c\u00f4t\u00e9 virage sud.<\/p>\n\n\n\n<p class=\"wp-block-paragraph\">Les places sont limit\u00e9es, nous allons donc avoir besoin de vos\u00a0<strong><u>retours vendredi 04 septembre \u00e0 midi dernier d\u00e9lai<\/u><\/strong><\/p>\n\n\n\n<p class=\"wp-block-paragraph\">Mail de contact: receptions.titis@gmail.com<\/p>\n\n\n\n<p class=\"wp-block-paragraph\"><\/p>\n","protected":false},"excerpt":{"rendered":"<p>Pour les personnes int\u00e9ress\u00e9es, nous mettons en vente des places s\u00e8ches uniquement. \ud83d\udcc5\u200b \u00a0Dimanche 20 septembre 2026 \ud83c\udfc9<\/p>\n","protected":false},"author":1,"featured_media":3400,"comment_status":"open","ping_status":"closed","sticky":false,"template":"","format":"standard","meta":{"footnotes":""},"categories":[68,61],"tags":[],"class_list":["post-3399","post","type-post","status-publish","format-standard","has-post-thumbnail","hentry","category-deplacements-2026-2027","category-saison-2026-2027"],"_links":{"self":[{"href":"https:\/\/www.lestitisdelovalie.fr\/index.php?rest_route=\/wp\/v2\/posts\/3399","targetHints":{"allow":["GET"]}}],"collection":[{"href":"https:\/\/www.lestitisdelovalie.fr\/index.php?rest_route=\/wp\/v2\/posts"}],"about":[{"href":"https:\/\/www.lestitisdelovalie.fr\/index.php?rest_route=\/wp\/v2\/types\/post"}],"author":[{"embeddable":true,"href":"https:\/\/www.lestitisdelovalie.fr\/index.php?rest_route=\/wp\/v2\/users\/1"}],"replies":[{"embeddable":true,"href":"https:\/\/www.lestitisdelovalie.fr\/index.php?rest_route=%2Fwp%2Fv2%2Fcomments&post=3399"}],"version-history":[{"count":1,"href":"https:\/\/www.lestitisdelovalie.fr\/index.php?rest_route=\/wp\/v2\/posts\/3399\/revisions"}],"predecessor-version":[{"id":3401,"href":"https:\/\/www.lestitisdelovalie.fr\/index.php?rest_route=\/wp\/v2\/posts\/3399\/revisions\/3401"}],"wp:featuredmedia":[{"embeddable":true,"href":"https:\/\/www.lestitisdelovalie.fr\/index.php?rest_route=\/wp\/v2\/media\/3400"}],"wp:attachment":[{"href":"https:\/\/www.lestitisdelovalie.fr\/index.php?rest_route=%2Fwp%2Fv2%2Fmedia&parent=3399"}],"wp:term":[{"taxonomy":"category","embeddable":true,"href":"https:\/\/www.lestitisdelovalie.fr\/index.php?rest_route=%2Fwp%2Fv2%2Fcategories&post=3399"},{"taxonomy":"post_tag","embeddable":true,"href":"https:\/\/www.lestitisdelovalie.fr\/index.php?rest_route=%2Fwp%2Fv2%2Ftags&post=3399"}],"curies":[{"name":"wp","href":"https:\/\/api.w.org\/{rel}","templated":true}]}}